{"id":304,"date":"2020-02-25T15:53:44","date_gmt":"2020-02-25T14:53:44","guid":{"rendered":"http:\/\/omarhasan.fr\/?p=304"},"modified":"2020-12-19T01:14:22","modified_gmt":"2020-12-19T00:14:22","slug":"on-a-retrouve-omar-hasan-le-puma-qui-chante-partage-partager-sur-facebook-envoyer-par-e-mail-partager-sur-messenger","status":"publish","type":"post","link":"https:\/\/omarhasan.fr\/index.php\/2020\/02\/25\/on-a-retrouve-omar-hasan-le-puma-qui-chante-partage-partager-sur-facebook-envoyer-par-e-mail-partager-sur-messenger\/","title":{"rendered":"On a retrouv\u00e9\u2026 Omar Hasan, le Puma qui chante."},"content":{"rendered":"\n[et_pb_section admin_label=\u00a0\u00bbsection\u00a0\u00bb]\n\t\t\t[et_pb_row admin_label=\u00a0\u00bbrow\u00a0\u00bb]\n\t\t\t\t[et_pb_column type=\u00a0\u00bb4_4&Prime;][et_pb_text admin_label=\u00a0\u00bbText\u00a0\u00bb]<!-- divi:paragraph -->\n<p>Dans la cat\u00e9gorie \u00ab&nbsp;reconversion originale&nbsp;\u00bb de sportif, ce rugbyman remporte haut la main la Victoire. De la musique, s\u2019entend. Les amoureux de l\u2019Ovalie connaissaient Omar Hasan, pilier droit des Pumas argentins aux 64 s\u00e9lections, qui participa \u00e0 trois Coupes du monde (1999, 2003, 2007). Les m\u00e9lomanes du Sud-Ouest ont progressivement d\u00e9couvert le m\u00eame homme comme un baryton dont la voix vogue d\u2019un r\u00e9pertoire \u00e0 l\u2019autre, de l\u2019art lyrique au tango de son enfance. Apr\u00e8s qu\u2019il eut d\u00e9finitivement troqu\u00e9 casque, maillot, short, chaussettes et crampons contre un costume de concert.<\/p>\n<!-- \/divi:paragraph -->\n\n<!-- divi:paragraph -->\n<p>Omar Hasan n\u2019est certes pas le premier athl\u00e8te \u00e0 se risquer au chant, le premier exemple venant \u00e0 l\u2019esprit \u00e9tant celui de Yannick Noah, qui a connu un \u00e9norme succ\u00e8s commercial. Pousser la chansonnette fut m\u00eame presque un passage oblig\u00e9&nbsp;\u2013&nbsp;et d\u00e9sobligeant pour les oreilles des auditeurs&nbsp;\u2013&nbsp;chez les footballeurs, qu\u2019il s\u2019agisse de Jo\u00ebl Bats, Basile Boli avec Chris Waddle, Youri Djorkaeff ou Jean-Pierre Fran\u00e7ois, interpr\u00e8te du tube&nbsp;<em>Je te survivrai<\/em>. Mais tous se sont inscrits dans le registre de la vari\u00e9t\u00e9, qui tol\u00e8re toutes les insuffisances vocales et peut les corriger gr\u00e2ce \u00e0 la technologie. Aucun ne s\u2019est mesur\u00e9 \u00e0 l\u2019\u00e9preuve de la sc\u00e8ne, pour chanter Purcell (<em>King Arthur<\/em>) et Ravel (<em>L\u2019Enfant et les sortil\u00e8ges<\/em>), Rameau (<em>Plat\u00e9e<\/em>) et Offenbach (<em>La Belle H\u00e9l\u00e8ne<\/em>), Carlos Gardel et Astor Piazzolla. L\u00e0, le subterfuge est impossible et la sanction imm\u00e9diate.<\/p>\n<!-- \/divi:paragraph -->\n\n<!-- divi:paragraph -->\n<p>Dans son pavillon toulousain, o\u00f9 il a reconstitu\u00e9 un int\u00e9rieur argentin&nbsp;\u2013&nbsp;on y boit le mat\u00e9 entour\u00e9 d\u2019images de gauchos et de danseurs de tango&nbsp;\u2013, Omar Hasan a s\u00e9par\u00e9 sur deux \u00e9tages les deux parties de son existence, qui a commenc\u00e9 il y a quarante-quatre ans. Au rez-de-chauss\u00e9e, un piano avec partitions sur le pupitre, des CD d\u2019op\u00e9ras, une biographie de la Callas\u2026 Au-dessus, sa vie ant\u00e9rieure, photos d\u2019\u00e9quipes, troph\u00e9es, ballons d\u00e9gonfl\u00e9s. Sa fac\u00e9tieuse maman lui a offert une figurine de la Castafiore. Mais qu\u2019on ne s\u2019y trompe pas le chanteur n\u2019est pas l\u2019homologue de Marguerite, l\u2019h\u00e9ro\u00efne du dernier film de Xavier Giannoli. Sa voix, dot\u00e9e d\u2019un puissant coffre, est d\u2019une grande justesse, et sa seconde carri\u00e8re n\u2019ob\u00e9it pas \u00e0 un caprice aristocratique.<\/p>\n<!-- \/divi:paragraph -->\n\n<!-- divi:image -->\n<figure class=\"wp-block-image\"><img decoding=\"async\" src=\"https:\/\/www.lemonde.fr\/coupe-du-monde-rugby\/visuel\/2015\/10\/25\/assets\/images\/content\/11-800.jpg\" alt=\"\"\/><figcaption>Le chanteur en costume de concert. Son r\u00e9pertoire associe tango, airs lyriques et chanson. Il reprend notamment deux titres de Claude Nougaro,&nbsp;<em>Vie violence<\/em>&nbsp;et&nbsp;<em>Toulouse<\/em>.<\/figcaption><\/figure>\n<!-- \/divi:image -->\n\n<!-- divi:paragraph -->\n<p>\u00ab&nbsp;Un jour, j\u2019ai fini par demander \u00e0 ma m\u00e8re&nbsp;: \u201cJ\u2019adorais chanter\u2026 Pourquoi tu ne m\u2019as pas pay\u00e9 des cours&nbsp;?\u201d, confie-t-il.&nbsp;Si j\u2019avais d\u00e9but\u00e9 plus t\u00f4t, je n\u2019aurais sans doute pas \u00e9t\u00e9 rugbyman.&nbsp;\u00bb&nbsp;Omar Jos\u00e9 Hasan Jalil est n\u00e9 dans un milieu de commer\u00e7ants, \u00e0 San Miguel de Tucuman (couramment appel\u00e9e Tucuman), dans le nord-ouest de l\u2019Argentine. Son grand-p\u00e8re, un immigr\u00e9 syrien, avait commenc\u00e9 par faire du n\u00e9goce \u00e0 cheval, avant d\u2019ouvrir une petite \u00e9picerie puis un supermarch\u00e9.<\/p>\n<!-- \/divi:paragraph -->\n\n<!-- divi:paragraph -->\n<p>Avant de se fondre dans un XV, le gar\u00e7on trouve sa place \u00e0 la chorale de l\u2019\u00e9cole primaire, puis apprend le solf\u00e8ge.&nbsp;\u00ab&nbsp;Je chantais tout le temps, des canons, des chansons traditionnelles, raconte-t-il.&nbsp;Ma tante poss\u00e9dait une collection de disques de folklore. Je mettais l\u2019aiguille, l\u2019arr\u00eatais, notais les paroles, la remettais, etc. Le tango \u00e9tait pr\u00e9sent \u00e0 la maison gr\u00e2ce \u00e0 mon p\u00e8re qui \u00e9coutait un programme de radio le dimanche matin.&nbsp;\u00bb&nbsp;Dans les ann\u00e9es 1980, ses go\u00fbts ne correspondent pas vraiment \u00e0 ceux des gens de son \u00e2ge. Il aime se livrer \u00e0 des imitations du crooner v\u00e9n\u00e9zu\u00e9lien Jos\u00e9 Luis Rodriguez, dit \u00ab&nbsp;El Puma&nbsp;\u00bb, une sorte de Julio Iglesias sud-am\u00e9ricain&nbsp;:&nbsp;\u00ab&nbsp;Mes copains me disaient&nbsp;: \u201cMais qu\u2019est-ce que tu nous chantes&nbsp;?\u201d&nbsp;\u00bb<\/p>\n<!-- \/divi:paragraph -->\n\n<!-- divi:html -->\n<figure><iframe loading=\"lazy\" allowfullscreen=\"1\" width=\"640\" height=\"390\" src=\"https:\/\/www.youtube.com\/embed\/l9NYD6hTqgE?enablejsapi=1&amp;origin=https%3A%2F%2Fwww.lemonde.fr&amp;widgetid=1\"><\/iframe><\/figure>\n<!-- \/divi:html -->\n\n<!-- divi:paragraph -->\n<p>Cet amoureux de ballades sentimentales est intrigant. Car, en m\u00eame temps, il est un \u00e9l\u00e8ve turbulent, r\u00e9put\u00e9 pour se battre souvent. Il lui faut canaliser sa force hercul\u00e9enne et son \u00e9nergie bouillonnante. Plus qu\u2019un exutoire, le sport est chez lui une n\u00e9cessit\u00e9 vitale. Comme tout Argentin, il commence naturellement par le football, compl\u00e9t\u00e9 par le judo. A ses 9 ans, un camarade lui fait d\u00e9couvrir le rugby&nbsp;:&nbsp;\u00ab&nbsp;J\u2019ai ador\u00e9 tout de suite, le contact, me faire mal peut-\u00eatre.&nbsp;\u00bb<\/p>\n<!-- \/divi:paragraph -->\n\n<!-- divi:paragraph -->\n<p>Par chance, Tucuman poss\u00e8de un club omnisports id\u00e9al, Natacion &amp; Gymnasia, qui a import\u00e9 l\u2019Ovalie dans la province au cours des ann\u00e9es 1930. Au fil des ans, la nouvelle recrue ne cesse de se rapprocher de la premi\u00e8re ligne.&nbsp;\u00ab&nbsp;Au d\u00e9but, je jouais ailier ou centre, se souvient Omar Hasan.&nbsp;J\u2019\u00e9tais costaud et je n\u2019h\u00e9sitais pas \u00e0 foncer droit devant, mais je n\u2019avan\u00e7ais pas assez vite. A 16 ans, j\u2019\u00e9tais deuxi\u00e8me-ligne mais, comme je ne sautais pas en touche, je me suis retrouv\u00e9 pilier un an plus tard. J\u2019avais commenc\u00e9 \u00e0 faire de la muscu, puis de l\u2019halt\u00e9rophilie.&nbsp;\u00bb<\/p>\n<!-- \/divi:paragraph -->\n\n<!-- divi:list -->\n<ul><li>1971&nbsp;Naissance le 21 avril \u00e0 San Miguel de Tucuman, en Argentine.<\/li><li>1995&nbsp;Premi\u00e8re s\u00e9lection nationale contre l\u2019Uruguay \u00e0 Buenos Aires.<\/li><li>1997&nbsp;Quitte l\u2019Argentine pour la Nouvelle-Z\u00e9lande puis l\u2019Australie.<\/li><li>1998&nbsp;S\u2019installe en France, \u00e0 Auch, Agen puis Toulouse.<\/li><li>2005&nbsp;Remporte la Coupe d\u2019Europe avec le Stade toulousain. Entre au conservatoire de Toulouse.<\/li><li>2006&nbsp;Donne son premier concert \u00e0 Colomiers.<\/li><li>2007&nbsp;Fait ses adieux internationaux lors du match pour la troisi\u00e8me place remport\u00e9 par l\u2019Argentine contre la France (34-10), le 19 octobre au Parc des Princes.<\/li><li>2008&nbsp;Dispute son dernier match le 28 juin lors de la finale du Top 14 au Stade de France. Toulouse l\u2019emporte contre Clermont 26 \u00e0 20.<\/li><li>2015&nbsp;Chante dans&nbsp;<em>Caf\u00e9 Tango<\/em>.<\/li><\/ul>\n<!-- \/divi:list -->\n\n<!-- divi:list -->\n<ul><li>Au Stade de France de Saint-Denis, apr\u00e8s la demi-finale de Coupe du monde perdue contre le futur vainqueur, l\u2019Afrique du sud, le 14 octobre 2007. L\u2019Argentine obtiendra la troisi\u00e8me place cinq jours plus tard au d\u00e9triment de la France, sa meilleure performance \u00e0 ce jour.<\/li><\/ul>\n<!-- \/divi:list -->\n\n<!-- divi:paragraph -->\n<p>L\u2019heure des choix arrive. Etudiant en agronomie \u00e0 l\u2019universit\u00e9 de Tucuman et membre de son ch\u0153ur, le rugbyman honore sa premi\u00e8re s\u00e9lection nationale pour un test-match contre l\u2019Uruguay \u00e0 Buenos Aires en 1995, ann\u00e9e charni\u00e8re puisqu\u2019elle est celle de la professionnalisation de ce sport. Deux ans plus tard, il part tenter sa chance en Nouvelle-Z\u00e9lande et ne reste que quelques mois \u00e0 Wellington avant de rejoindre l\u2019Australie. Avec les Brumbies de Canberra, il participe au Super 12, la comp\u00e9tition r\u00e9unissant alors des franchises n\u00e9o-z\u00e9landaises, australiennes et sud-africaines.<\/p>\n<!-- \/divi:paragraph -->\n\n<!-- divi:paragraph -->\n<p>D\u00e8s 1998, il se fixe en France alors qu\u2019il ne parle aucun mot de la langue. Rep\u00e9r\u00e9 par le s\u00e9lectionneur des Bleus, Jacques Fouroux, qui le fait venir \u00e0 Auch, il n\u2019y passe qu\u2019une saison, d\u00e9bauch\u00e9 par Agen qui, \u00e0 son tour, ne pourra le retenir quand le Stade toulousain lui fera les yeux doux en 2004. Pendant ces ann\u00e9es, la trajectoire d\u2019Omar Hasan \u00e9pouse la spectaculaire ascension des Pumas. D\u00e9cevants jusqu\u2019alors en Coupe du monde (ils furent incapables de franchir le premier tour lors des trois premi\u00e8res \u00e9ditions), les Argentins \u00e9mergent en 1999 en atteignant les quarts de finale, apr\u00e8s avoir \u00e9limin\u00e9 l\u2019Irlande en barrages.<\/p>\n<!-- \/divi:paragraph -->\n\n<!-- divi:paragraph -->\n<p>\u00ab&nbsp;Ce fut un long chemin, analyse Omar Hasan.&nbsp;Lors de la tourn\u00e9e de 1997, on avait pris presque 100 points lors d\u2019un premier test-match contre les All Blacks. J\u2019avais honte. Et dix ans plus tard, on a r\u00eav\u00e9 d\u2019\u00eatre champions du monde autour de notre capitaine, Agustin Pichot.&nbsp;\u00bb&nbsp;Lors du Mondial fran\u00e7ais de 2007, la \u00ab&nbsp;g\u00e9n\u00e9ration dor\u00e9e&nbsp;\u00bb des Juan Martin Hernandez, Felipe Contepomi ou Mario Ledesma brille en battant le pays h\u00f4te \u00e0 deux reprises. Les Sud-Africains, futurs vainqueurs, la priveront de finale. Le 19 octobre, au Parc des Princes, Omar Hasan fait ses adieux internationaux, couronn\u00e9s d\u2019un essai \u00e0 l\u2019occasion du match pour la troisi\u00e8me place remport\u00e9 contre les Bleus.<\/p>\n<!-- \/divi:paragraph -->\n\n<!-- divi:list -->\n<ul><li>Partitions d\u2019art lyrique. Entr\u00e9 au Conservatoire de Toulouse 2005, Omar Hasan travaille sa voix cinq heures par jour.<\/li><li>En 2006, Omar Hasan commen\u00e7a \u00e0 donner des concerts alors qu\u2019il \u00e9tait encore pilier du Stade toulousain. Il mit un terme \u00e0 sa carri\u00e8re sur une apoth\u00e9ose le 28 juin 2008, en soulevant le Bouclier de Brennus apr\u00e8s une finale au Stade de France contre Clermont.<\/li><\/ul>\n<!-- \/divi:list -->\n\n<!-- divi:paragraph -->\n<p>Les crampons seront d\u00e9finitivement raccroch\u00e9s la saison suivante. Le joueur a \u00e9t\u00e9 combl\u00e9 par le Stade toulousain, avec lequel il vient de soulever le Bouclier de Brennus apr\u00e8s avoir brandi la Coupe d\u2019Europe en 2005. Sa r\u00e9putation de baryton est alors bien \u00e9tablie dans le monde du rugby.&nbsp;\u00ab&nbsp;Je chantais sous les douches et on me consid\u00e9rait un peu comme la femme \u00e0 barbe, sourit-il.&nbsp;Je me souviens aussi d\u2019un match de Top 14. Le pilier adverse, dans la m\u00eal\u00e9e, me demande&nbsp;: \u201cAlors, \u00e7a va, le chanteur&nbsp;?\u201d&nbsp;\u00bb<\/p>\n<!-- \/divi:paragraph -->\n\n<!-- divi:paragraph -->\n<p>Le r\u00e9pertoire de l\u2019autodidacte s\u2019est consid\u00e9rablement \u00e9toff\u00e9.&nbsp;\u00ab&nbsp;J\u2019ai d\u00e9couvert l\u2019art lyrique et les chansons napolitaines gr\u00e2ce \u00e0 une pub o\u00f9 l\u2019on voyait Maradona et o\u00f9 l\u2019on entendait Funiculi Funicula, avoue-t-il humblement.&nbsp;Je ne savais pas qui chantait. J\u2019ai demand\u00e9 dans un magasin de disques.&nbsp;\u00bb&nbsp;C\u2019est ainsi que Luciano Pavarotti est entr\u00e9 dans sa vie, bient\u00f4t suivi par le baryton russe Dmitri Khvorostovski ou le baryton-basse gallois Bryn Terfel, un ancien troisi\u00e8me-ligne.<\/p>\n<!-- \/divi:paragraph -->\n\n<!-- divi:paragraph -->\n<p>Il lui manquait seulement un mentor. En 2000, lors d\u2019une troisi\u00e8me mi-temps \u00e0 Agen, Jean-Fran\u00e7ois Gardeil, fondateur de la compagnie Les Chants de Garonne, d\u00e9c\u00e8le le potentiel du pilier, qui s\u2019est lanc\u00e9 dans du Verdi. Il l\u2019initiera au baroque et aux m\u00e9lodies fran\u00e7aises.&nbsp;\u00ab&nbsp;J\u2019ai vu alors un moyen de sortir du rugby professionnel&nbsp;\u00bb, d\u00e9clare l\u2019ancien num\u00e9ro 3, qui entre en 2005 au conservatoire de Toulouse comme \u00e9l\u00e8ve de la grande mezzo-soprano Jane Berbi\u00e9. Un an plus tard, \u00e0 Colomiers, Omar Hasan pr\u00e9sente en soliste un premier tour de chant autour du tango, accompagn\u00e9 par Roger Pouly, pianiste de Charles Trenet,&nbsp;\u00ab&nbsp;un Clermontois fan de rugby&nbsp;\u00bb. Depuis, Omar Hasan a cr\u00e9\u00e9 le spectacle Caf\u00e9 Tango, o\u00f9 il est accompagn\u00e9 par une violoncelliste et un accord\u00e9oniste&nbsp;\u2013&nbsp;et l\u2019a \u00e9t\u00e9 occasionnellement par l\u2019orchestre de chambre de Toulouse.&nbsp;\u00ab&nbsp;L\u00e0, je suis vraiment en premi\u00e8re ligne, s\u2019anime-t-il.&nbsp;Expos\u00e9 comme le serait un buteur ou un talonneur quand il lance le ballon lors des touches.&nbsp;\u00bb<\/p>\n<!-- \/divi:paragraph -->\n\n<!-- divi:list -->\n<ul><li>L\u2019heure du mat\u00e9.<\/li><li>Apr\u00e8s audition, le baryton a particip\u00e9 \u00e0 des productions. Entre autre du&nbsp;<em>King Arthur<\/em>&nbsp;de Purcell, du Plat\u00e9e de Rameau, de&nbsp;<em>La Belle H\u00e9l\u00e8ne<\/em>&nbsp;d\u2019Offenbach ou de&nbsp;<em>L\u2019Enfant et les sortil\u00e8ges<\/em>&nbsp;de Ravel.<\/li><li>Le pilier a port\u00e9 64 fois le maillot des Pumas entre 1995 et 2007.<\/li><\/ul>\n<!-- \/divi:list -->\n\n<!-- divi:paragraph -->\n<p>Le rugby n\u2019a pas pour autant disparu de la vie du chanteur. Depuis le d\u00e9but de la Coupe du monde, il envoie des messages d\u2019encouragement et de f\u00e9licitation aux Pumas, qui affrontent dimanche 25 octobre l\u2019Australie \u00e0 Twickenham pour une place en finale. Jusqu\u2019en 2011, Omar Hasan s\u2019est occup\u00e9 de la m\u00eal\u00e9e des espoirs du Stade toulousain. Avec les nouvelles r\u00e8gles entr\u00e9es en vigueur en 2012, il voudrait faire valoir son exp\u00e9rience\u00a0\u00ab\u00a0sur l\u2019impact et la technique\u00a0\u00bb. C\u2019est ainsi qu\u2019il envisage de monter une\u00a0\u00ab\u00a0acad\u00e9mie\u00a0\u00bb. Pas musicale, mais\u00a0\u00ab\u00a0pour les premi\u00e8res-lignes\u00a0\u00bb.<\/p>\n<!-- \/divi:paragraph -->\n\n<!-- divi:paragraph -->\n<p><a href=\"https:\/\/www.lemonde.fr\/coupe-du-monde-rugby\/visuel\/2015\/10\/25\/on-a-retrouve-omar-hasan-le-puma-qui-chante_4796524_1616920.html\"><em>https:\/\/www.lemonde.fr\/coupe-du-monde-rugby\/visuel\/2015\/10\/25\/on-a-retrouve-omar-hasan-le-puma-qui-chante_4796524_1616920.html<\/em><\/a><\/p>\n<!-- \/divi:paragraph -->[\/et_pb_text][\/et_pb_column]\n\t\t\t[\/et_pb_row]\n\t\t[\/et_pb_section]\n","protected":false},"excerpt":{"rendered":"<p>Dans la cat\u00e9gorie \u00ab&nbsp;reconversion originale&nbsp;\u00bb de sportif, ce rugbyman remporte haut la main la Victoire. De la musique, s\u2019entend. Les amoureux de l\u2019Ovalie connaissaient Omar Hasan, pilier droit des Pumas argentins aux 64 s\u00e9lections, qui participa \u00e0 trois Coupes du monde (1999, 2003, 2007). Les m\u00e9lomanes du Sud-Ouest ont progressivement d\u00e9couvert le m\u00eame homme comme [&hellip;]<\/p>\n","protected":false},"author":1,"featured_media":296,"comment_status":"closed","ping_status":"open","sticky":false,"template":"","format":"standard","meta":{"_et_pb_use_builder":"on","_et_pb_old_content":"<!-- wp:paragraph -->\n<p>Dans la cat\u00e9gorie \u00ab&nbsp;reconversion originale&nbsp;\u00bb de sportif, ce rugbyman remporte haut la main la Victoire. De la musique, s\u2019entend. Les amoureux de l\u2019Ovalie connaissaient Omar Hasan, pilier droit des Pumas argentins aux 64 s\u00e9lections, qui participa \u00e0 trois Coupes du monde (1999, 2003, 2007). Les m\u00e9lomanes du Sud-Ouest ont progressivement d\u00e9couvert le m\u00eame homme comme un baryton dont la voix vogue d\u2019un r\u00e9pertoire \u00e0 l\u2019autre, de l\u2019art lyrique au tango de son enfance. Apr\u00e8s qu\u2019il eut d\u00e9finitivement troqu\u00e9 casque, maillot, short, chaussettes et crampons contre un costume de concert.<\/p>\n<!-- \/wp:paragraph -->\n\n<!-- wp:paragraph -->\n<p>Omar Hasan n\u2019est certes pas le premier athl\u00e8te \u00e0 se risquer au chant, le premier exemple venant \u00e0 l\u2019esprit \u00e9tant celui de Yannick Noah, qui a connu un \u00e9norme succ\u00e8s commercial. Pousser la chansonnette fut m\u00eame presque un passage oblig\u00e9&nbsp;\u2013&nbsp;et d\u00e9sobligeant pour les oreilles des auditeurs&nbsp;\u2013&nbsp;chez les footballeurs, qu\u2019il s\u2019agisse de Jo\u00ebl Bats, Basile Boli avec Chris Waddle, Youri Djorkaeff ou Jean-Pierre Fran\u00e7ois, interpr\u00e8te du tube&nbsp;<em>Je te survivrai<\/em>. Mais tous se sont inscrits dans le registre de la vari\u00e9t\u00e9, qui tol\u00e8re toutes les insuffisances vocales et peut les corriger gr\u00e2ce \u00e0 la technologie. Aucun ne s\u2019est mesur\u00e9 \u00e0 l\u2019\u00e9preuve de la sc\u00e8ne, pour chanter Purcell (<em>King Arthur<\/em>) et Ravel (<em>L\u2019Enfant et les sortil\u00e8ges<\/em>), Rameau (<em>Plat\u00e9e<\/em>) et Offenbach (<em>La Belle H\u00e9l\u00e8ne<\/em>), Carlos Gardel et Astor Piazzolla. L\u00e0, le subterfuge est impossible et la sanction imm\u00e9diate.<\/p>\n<!-- \/wp:paragraph -->\n\n<!-- wp:paragraph -->\n<p>Dans son pavillon toulousain, o\u00f9 il a reconstitu\u00e9 un int\u00e9rieur argentin&nbsp;\u2013&nbsp;on y boit le mat\u00e9 entour\u00e9 d\u2019images de gauchos et de danseurs de tango&nbsp;\u2013, Omar Hasan a s\u00e9par\u00e9 sur deux \u00e9tages les deux parties de son existence, qui a commenc\u00e9 il y a quarante-quatre ans. Au rez-de-chauss\u00e9e, un piano avec partitions sur le pupitre, des CD d\u2019op\u00e9ras, une biographie de la Callas\u2026 Au-dessus, sa vie ant\u00e9rieure, photos d\u2019\u00e9quipes, troph\u00e9es, ballons d\u00e9gonfl\u00e9s. Sa fac\u00e9tieuse maman lui a offert une figurine de la Castafiore. Mais qu\u2019on ne s\u2019y trompe pas le chanteur n\u2019est pas l\u2019homologue de Marguerite, l\u2019h\u00e9ro\u00efne du dernier film de Xavier Giannoli. Sa voix, dot\u00e9e d\u2019un puissant coffre, est d\u2019une grande justesse, et sa seconde carri\u00e8re n\u2019ob\u00e9it pas \u00e0 un caprice aristocratique.<\/p>\n<!-- \/wp:paragraph -->\n\n<!-- wp:image -->\n<figure class=\"wp-block-image\"><img src=\"https:\/\/www.lemonde.fr\/coupe-du-monde-rugby\/visuel\/2015\/10\/25\/assets\/images\/content\/11-800.jpg\" alt=\"\"\/><figcaption>Le chanteur en costume de concert. Son r\u00e9pertoire associe tango, airs lyriques et chanson. Il reprend notamment deux titres de Claude Nougaro,&nbsp;<em>Vie violence<\/em>&nbsp;et&nbsp;<em>Toulouse<\/em>.<\/figcaption><\/figure>\n<!-- \/wp:image -->\n\n<!-- wp:paragraph -->\n<p>\u00ab&nbsp;Un jour, j\u2019ai fini par demander \u00e0 ma m\u00e8re&nbsp;: \u201cJ\u2019adorais chanter\u2026 Pourquoi tu ne m\u2019as pas pay\u00e9 des cours&nbsp;?\u201d, confie-t-il.&nbsp;Si j\u2019avais d\u00e9but\u00e9 plus t\u00f4t, je n\u2019aurais sans doute pas \u00e9t\u00e9 rugbyman.&nbsp;\u00bb&nbsp;Omar Jos\u00e9 Hasan Jalil est n\u00e9 dans un milieu de commer\u00e7ants, \u00e0 San Miguel de Tucuman (couramment appel\u00e9e Tucuman), dans le nord-ouest de l\u2019Argentine. Son grand-p\u00e8re, un immigr\u00e9 syrien, avait commenc\u00e9 par faire du n\u00e9goce \u00e0 cheval, avant d\u2019ouvrir une petite \u00e9picerie puis un supermarch\u00e9.<\/p>\n<!-- \/wp:paragraph -->\n\n<!-- wp:paragraph -->\n<p>Avant de se fondre dans un XV, le gar\u00e7on trouve sa place \u00e0 la chorale de l\u2019\u00e9cole primaire, puis apprend le solf\u00e8ge.&nbsp;\u00ab&nbsp;Je chantais tout le temps, des canons, des chansons traditionnelles, raconte-t-il.&nbsp;Ma tante poss\u00e9dait une collection de disques de folklore. Je mettais l\u2019aiguille, l\u2019arr\u00eatais, notais les paroles, la remettais, etc. Le tango \u00e9tait pr\u00e9sent \u00e0 la maison gr\u00e2ce \u00e0 mon p\u00e8re qui \u00e9coutait un programme de radio le dimanche matin.&nbsp;\u00bb&nbsp;Dans les ann\u00e9es 1980, ses go\u00fbts ne correspondent pas vraiment \u00e0 ceux des gens de son \u00e2ge. Il aime se livrer \u00e0 des imitations du crooner v\u00e9n\u00e9zu\u00e9lien Jos\u00e9 Luis Rodriguez, dit \u00ab&nbsp;El Puma&nbsp;\u00bb, une sorte de Julio Iglesias sud-am\u00e9ricain&nbsp;:&nbsp;\u00ab&nbsp;Mes copains me disaient&nbsp;: \u201cMais qu\u2019est-ce que tu nous chantes&nbsp;?\u201d&nbsp;\u00bb<\/p>\n<!-- \/wp:paragraph -->\n\n<!-- wp:html -->\n<figure><iframe allowfullscreen=\"1\" width=\"640\" height=\"390\" src=\"https:\/\/www.youtube.com\/embed\/l9NYD6hTqgE?enablejsapi=1&amp;origin=https%3A%2F%2Fwww.lemonde.fr&amp;widgetid=1\"><\/iframe><\/figure>\n<!-- \/wp:html -->\n\n<!-- wp:paragraph -->\n<p>Cet amoureux de ballades sentimentales est intrigant. Car, en m\u00eame temps, il est un \u00e9l\u00e8ve turbulent, r\u00e9put\u00e9 pour se battre souvent. Il lui faut canaliser sa force hercul\u00e9enne et son \u00e9nergie bouillonnante. Plus qu\u2019un exutoire, le sport est chez lui une n\u00e9cessit\u00e9 vitale. Comme tout Argentin, il commence naturellement par le football, compl\u00e9t\u00e9 par le judo. A ses 9 ans, un camarade lui fait d\u00e9couvrir le rugby&nbsp;:&nbsp;\u00ab&nbsp;J\u2019ai ador\u00e9 tout de suite, le contact, me faire mal peut-\u00eatre.&nbsp;\u00bb<\/p>\n<!-- \/wp:paragraph -->\n\n<!-- wp:paragraph -->\n<p>Par chance, Tucuman poss\u00e8de un club omnisports id\u00e9al, Natacion &amp; Gymnasia, qui a import\u00e9 l\u2019Ovalie dans la province au cours des ann\u00e9es 1930. Au fil des ans, la nouvelle recrue ne cesse de se rapprocher de la premi\u00e8re ligne.&nbsp;\u00ab&nbsp;Au d\u00e9but, je jouais ailier ou centre, se souvient Omar Hasan.&nbsp;J\u2019\u00e9tais costaud et je n\u2019h\u00e9sitais pas \u00e0 foncer droit devant, mais je n\u2019avan\u00e7ais pas assez vite. A 16 ans, j\u2019\u00e9tais deuxi\u00e8me-ligne mais, comme je ne sautais pas en touche, je me suis retrouv\u00e9 pilier un an plus tard. J\u2019avais commenc\u00e9 \u00e0 faire de la muscu, puis de l\u2019halt\u00e9rophilie.&nbsp;\u00bb<\/p>\n<!-- \/wp:paragraph -->\n\n<!-- wp:list -->\n<ul><li>1971&nbsp;Naissance le 21 avril \u00e0 San Miguel de Tucuman, en Argentine.<\/li><li>1995&nbsp;Premi\u00e8re s\u00e9lection nationale contre l\u2019Uruguay \u00e0 Buenos Aires.<\/li><li>1997&nbsp;Quitte l\u2019Argentine pour la Nouvelle-Z\u00e9lande puis l\u2019Australie.<\/li><li>1998&nbsp;S\u2019installe en France, \u00e0 Auch, Agen puis Toulouse.<\/li><li>2005&nbsp;Remporte la Coupe d\u2019Europe avec le Stade toulousain. Entre au conservatoire de Toulouse.<\/li><li>2006&nbsp;Donne son premier concert \u00e0 Colomiers.<\/li><li>2007&nbsp;Fait ses adieux internationaux lors du match pour la troisi\u00e8me place remport\u00e9 par l\u2019Argentine contre la France (34-10), le 19 octobre au Parc des Princes.<\/li><li>2008&nbsp;Dispute son dernier match le 28 juin lors de la finale du Top 14 au Stade de France. Toulouse l\u2019emporte contre Clermont 26 \u00e0 20.<\/li><li>2015&nbsp;Chante dans&nbsp;<em>Caf\u00e9 Tango<\/em>.<\/li><\/ul>\n<!-- \/wp:list -->\n\n<!-- wp:list -->\n<ul><li>Au Stade de France de Saint-Denis, apr\u00e8s la demi-finale de Coupe du monde perdue contre le futur vainqueur, l\u2019Afrique du sud, le 14 octobre 2007. L\u2019Argentine obtiendra la troisi\u00e8me place cinq jours plus tard au d\u00e9triment de la France, sa meilleure performance \u00e0 ce jour.<\/li><\/ul>\n<!-- \/wp:list -->\n\n<!-- wp:paragraph -->\n<p>L\u2019heure des choix arrive. Etudiant en agronomie \u00e0 l\u2019universit\u00e9 de Tucuman et membre de son ch\u0153ur, le rugbyman honore sa premi\u00e8re s\u00e9lection nationale pour un test-match contre l\u2019Uruguay \u00e0 Buenos Aires en 1995, ann\u00e9e charni\u00e8re puisqu\u2019elle est celle de la professionnalisation de ce sport. Deux ans plus tard, il part tenter sa chance en Nouvelle-Z\u00e9lande et ne reste que quelques mois \u00e0 Wellington avant de rejoindre l\u2019Australie. Avec les Brumbies de Canberra, il participe au Super 12, la comp\u00e9tition r\u00e9unissant alors des franchises n\u00e9o-z\u00e9landaises, australiennes et sud-africaines.<\/p>\n<!-- \/wp:paragraph -->\n\n<!-- wp:paragraph -->\n<p>D\u00e8s 1998, il se fixe en France alors qu\u2019il ne parle aucun mot de la langue. Rep\u00e9r\u00e9 par le s\u00e9lectionneur des Bleus, Jacques Fouroux, qui le fait venir \u00e0 Auch, il n\u2019y passe qu\u2019une saison, d\u00e9bauch\u00e9 par Agen qui, \u00e0 son tour, ne pourra le retenir quand le Stade toulousain lui fera les yeux doux en 2004. Pendant ces ann\u00e9es, la trajectoire d\u2019Omar Hasan \u00e9pouse la spectaculaire ascension des Pumas. D\u00e9cevants jusqu\u2019alors en Coupe du monde (ils furent incapables de franchir le premier tour lors des trois premi\u00e8res \u00e9ditions), les Argentins \u00e9mergent en 1999 en atteignant les quarts de finale, apr\u00e8s avoir \u00e9limin\u00e9 l\u2019Irlande en barrages.<\/p>\n<!-- \/wp:paragraph -->\n\n<!-- wp:paragraph -->\n<p>\u00ab&nbsp;Ce fut un long chemin, analyse Omar Hasan.&nbsp;Lors de la tourn\u00e9e de 1997, on avait pris presque 100 points lors d\u2019un premier test-match contre les All Blacks. J\u2019avais honte. Et dix ans plus tard, on a r\u00eav\u00e9 d\u2019\u00eatre champions du monde autour de notre capitaine, Agustin Pichot.&nbsp;\u00bb&nbsp;Lors du Mondial fran\u00e7ais de 2007, la \u00ab&nbsp;g\u00e9n\u00e9ration dor\u00e9e&nbsp;\u00bb des Juan Martin Hernandez, Felipe Contepomi ou Mario Ledesma brille en battant le pays h\u00f4te \u00e0 deux reprises. Les Sud-Africains, futurs vainqueurs, la priveront de finale. Le 19 octobre, au Parc des Princes, Omar Hasan fait ses adieux internationaux, couronn\u00e9s d\u2019un essai \u00e0 l\u2019occasion du match pour la troisi\u00e8me place remport\u00e9 contre les Bleus.<\/p>\n<!-- \/wp:paragraph -->\n\n<!-- wp:list -->\n<ul><li>Partitions d\u2019art lyrique. Entr\u00e9 au Conservatoire de Toulouse 2005, Omar Hasan travaille sa voix cinq heures par jour.<\/li><li>En 2006, Omar Hasan commen\u00e7a \u00e0 donner des concerts alors qu\u2019il \u00e9tait encore pilier du Stade toulousain. Il mit un terme \u00e0 sa carri\u00e8re sur une apoth\u00e9ose le 28 juin 2008, en soulevant le Bouclier de Brennus apr\u00e8s une finale au Stade de France contre Clermont.<\/li><\/ul>\n<!-- \/wp:list -->\n\n<!-- wp:paragraph -->\n<p>Les crampons seront d\u00e9finitivement raccroch\u00e9s la saison suivante. Le joueur a \u00e9t\u00e9 combl\u00e9 par le Stade toulousain, avec lequel il vient de soulever le Bouclier de Brennus apr\u00e8s avoir brandi la Coupe d\u2019Europe en 2005. Sa r\u00e9putation de baryton est alors bien \u00e9tablie dans le monde du rugby.&nbsp;\u00ab&nbsp;Je chantais sous les douches et on me consid\u00e9rait un peu comme la femme \u00e0 barbe, sourit-il.&nbsp;Je me souviens aussi d\u2019un match de Top 14. Le pilier adverse, dans la m\u00eal\u00e9e, me demande&nbsp;: \u201cAlors, \u00e7a va, le chanteur&nbsp;?\u201d&nbsp;\u00bb<\/p>\n<!-- \/wp:paragraph -->\n\n<!-- wp:paragraph -->\n<p>Le r\u00e9pertoire de l\u2019autodidacte s\u2019est consid\u00e9rablement \u00e9toff\u00e9.&nbsp;\u00ab&nbsp;J\u2019ai d\u00e9couvert l\u2019art lyrique et les chansons napolitaines gr\u00e2ce \u00e0 une pub o\u00f9 l\u2019on voyait Maradona et o\u00f9 l\u2019on entendait Funiculi Funicula, avoue-t-il humblement.&nbsp;Je ne savais pas qui chantait. J\u2019ai demand\u00e9 dans un magasin de disques.&nbsp;\u00bb&nbsp;C\u2019est ainsi que Luciano Pavarotti est entr\u00e9 dans sa vie, bient\u00f4t suivi par le baryton russe Dmitri Khvorostovski ou le baryton-basse gallois Bryn Terfel, un ancien troisi\u00e8me-ligne.<\/p>\n<!-- \/wp:paragraph -->\n\n<!-- wp:paragraph -->\n<p>Il lui manquait seulement un mentor. En 2000, lors d\u2019une troisi\u00e8me mi-temps \u00e0 Agen, Jean-Fran\u00e7ois Gardeil, fondateur de la compagnie Les Chants de Garonne, d\u00e9c\u00e8le le potentiel du pilier, qui s\u2019est lanc\u00e9 dans du Verdi. Il l\u2019initiera au baroque et aux m\u00e9lodies fran\u00e7aises.&nbsp;\u00ab&nbsp;J\u2019ai vu alors un moyen de sortir du rugby professionnel&nbsp;\u00bb, d\u00e9clare l\u2019ancien num\u00e9ro 3, qui entre en 2005 au conservatoire de Toulouse comme \u00e9l\u00e8ve de la grande mezzo-soprano Jane Berbi\u00e9. Un an plus tard, \u00e0 Colomiers, Omar Hasan pr\u00e9sente en soliste un premier tour de chant autour du tango, accompagn\u00e9 par Roger Pouly, pianiste de Charles Trenet,&nbsp;\u00ab&nbsp;un Clermontois fan de rugby&nbsp;\u00bb. Depuis, Omar Hasan a cr\u00e9\u00e9 le spectacle Caf\u00e9 Tango, o\u00f9 il est accompagn\u00e9 par une violoncelliste et un accord\u00e9oniste&nbsp;\u2013&nbsp;et l\u2019a \u00e9t\u00e9 occasionnellement par l\u2019orchestre de chambre de Toulouse.&nbsp;\u00ab&nbsp;L\u00e0, je suis vraiment en premi\u00e8re ligne, s\u2019anime-t-il.&nbsp;Expos\u00e9 comme le serait un buteur ou un talonneur quand il lance le ballon lors des touches.&nbsp;\u00bb<\/p>\n<!-- \/wp:paragraph -->\n\n<!-- wp:list -->\n<ul><li>L\u2019heure du mat\u00e9.<\/li><li>Apr\u00e8s audition, le baryton a particip\u00e9 \u00e0 des productions. Entre autre du&nbsp;<em>King Arthur<\/em>&nbsp;de Purcell, du Plat\u00e9e de Rameau, de&nbsp;<em>La Belle H\u00e9l\u00e8ne<\/em>&nbsp;d\u2019Offenbach ou de&nbsp;<em>L\u2019Enfant et les sortil\u00e8ges<\/em>&nbsp;de Ravel.<\/li><li>Le pilier a port\u00e9 64 fois le maillot des Pumas entre 1995 et 2007.<\/li><\/ul>\n<!-- \/wp:list -->\n\n<!-- wp:paragraph -->\n<p>Le rugby n\u2019a pas pour autant disparu de la vie du chanteur. Depuis le d\u00e9but de la Coupe du monde, il envoie des messages d\u2019encouragement et de f\u00e9licitation aux Pumas, qui affrontent dimanche 25 octobre l\u2019Australie \u00e0 Twickenham pour une place en finale. Jusqu\u2019en 2011, Omar Hasan s\u2019est occup\u00e9 de la m\u00eal\u00e9e des espoirs du Stade toulousain. Avec les nouvelles r\u00e8gles entr\u00e9es en vigueur en 2012, il voudrait faire valoir son exp\u00e9rience\u00a0\u00ab\u00a0sur l\u2019impact et la technique\u00a0\u00bb. C\u2019est ainsi qu\u2019il envisage de monter une\u00a0\u00ab\u00a0acad\u00e9mie\u00a0\u00bb. Pas musicale, mais\u00a0\u00ab\u00a0pour les premi\u00e8res-lignes\u00a0\u00bb.<\/p>\n<!-- \/wp:paragraph -->\n\n<!-- wp:paragraph -->\n<p><a href=\"https:\/\/www.lemonde.fr\/coupe-du-monde-rugby\/visuel\/2015\/10\/25\/on-a-retrouve-omar-hasan-le-puma-qui-chante_4796524_1616920.html\"><em>https:\/\/www.lemonde.fr\/coupe-du-monde-rugby\/visuel\/2015\/10\/25\/on-a-retrouve-omar-hasan-le-puma-qui-chante_4796524_1616920.html<\/em><\/a><\/p>\n<!-- \/wp:paragraph -->","_et_gb_content_width":"1080","footnotes":""},"categories":[1],"tags":[],"class_list":["post-304","post","type-post","status-publish","format-standard","has-post-thumbnail","hentry","category-non-classe"],"yoast_head":"<!-- This site is optimized with the Yoast SEO plugin v27.4 - https:\/\/yoast.com\/product\/yoast-seo-wordpress\/ -->\n<title>On a retrouv\u00e9\u2026 Omar Hasan, le Puma qui chante. &#060; Omar Hasan Baryton<\/title>\n<meta name=\"robots\" content=\"index, follow, max-snippet:-1, max-image-preview:large, max-video-preview:-1\" \/>\n<link rel=\"canonical\" href=\"https:\/\/omarhasan.fr\/index.php\/2020\/02\/25\/on-a-retrouve-omar-hasan-le-puma-qui-chante-partage-partager-sur-facebook-envoyer-par-e-mail-partager-sur-messenger\/\" \/>\n<meta property=\"og:locale\" content=\"fr_FR\" \/>\n<meta property=\"og:type\" content=\"article\" \/>\n<meta property=\"og:title\" content=\"On a retrouv\u00e9\u2026 Omar Hasan, le Puma qui chante. &#060; Omar Hasan Baryton\" \/>\n<meta property=\"og:description\" content=\"Dans la cat\u00e9gorie \u00ab&nbsp;reconversion originale&nbsp;\u00bb de sportif, ce rugbyman remporte haut la main la Victoire. De la musique, s\u2019entend. Les amoureux de l\u2019Ovalie connaissaient Omar Hasan, pilier droit des Pumas argentins aux 64 s\u00e9lections, qui participa \u00e0 trois Coupes du monde (1999, 2003, 2007). Les m\u00e9lomanes du Sud-Ouest ont progressivement d\u00e9couvert le m\u00eame homme comme [&hellip;]\" \/>\n<meta property=\"og:url\" content=\"https:\/\/omarhasan.fr\/index.php\/2020\/02\/25\/on-a-retrouve-omar-hasan-le-puma-qui-chante-partage-partager-sur-facebook-envoyer-par-e-mail-partager-sur-messenger\/\" \/>\n<meta property=\"og:site_name\" content=\"Omar Hasan Baryton\" \/>\n<meta property=\"article:published_time\" content=\"2020-02-25T14:53:44+00:00\" \/>\n<meta property=\"article:modified_time\" content=\"2020-12-19T00:14:22+00:00\" \/>\n<meta property=\"og:image\" content=\"https:\/\/omarhasan.fr\/wp-content\/uploads\/2020\/02\/Captura-de-pantalla-2020-02-25-a-las-11.38.18.png\" \/>\n\t<meta property=\"og:image:width\" content=\"1076\" \/>\n\t<meta property=\"og:image:height\" content=\"715\" \/>\n\t<meta property=\"og:image:type\" content=\"image\/png\" \/>\n<meta name=\"author\" content=\"omarhasaegbd\" \/>\n<meta name=\"twitter:card\" content=\"summary_large_image\" \/>\n<meta name=\"twitter:creator\" content=\"@OmaHasan\" \/>\n<meta name=\"twitter:site\" content=\"@OmaHasan\" \/>\n<meta name=\"twitter:label1\" content=\"\u00c9crit par\" \/>\n\t<meta name=\"twitter:data1\" content=\"omarhasaegbd\" \/>\n\t<meta name=\"twitter:label2\" content=\"Dur\u00e9e de lecture estim\u00e9e\" \/>\n\t<meta name=\"twitter:data2\" content=\"10 minutes\" \/>\n<script type=\"application\/ld+json\" class=\"yoast-schema-graph\">{\"@context\":\"https:\\\/\\\/schema.org\",\"@graph\":[{\"@type\":\"Article\",\"@id\":\"https:\\\/\\\/omarhasan.fr\\\/index.php\\\/2020\\\/02\\\/25\\\/on-a-retrouve-omar-hasan-le-puma-qui-chante-partage-partager-sur-facebook-envoyer-par-e-mail-partager-sur-messenger\\\/#article\",\"isPartOf\":{\"@id\":\"https:\\\/\\\/omarhasan.fr\\\/index.php\\\/2020\\\/02\\\/25\\\/on-a-retrouve-omar-hasan-le-puma-qui-chante-partage-partager-sur-facebook-envoyer-par-e-mail-partager-sur-messenger\\\/\"},\"author\":{\"name\":\"omarhasaegbd\",\"@id\":\"http:\\\/\\\/omarhasan.fr\\\/#\\\/schema\\\/person\\\/a4d2c7deea762e2d869c69ae57fa4aec\"},\"headline\":\"On a retrouv\u00e9\u2026 Omar Hasan, le Puma qui chante.\",\"datePublished\":\"2020-02-25T14:53:44+00:00\",\"dateModified\":\"2020-12-19T00:14:22+00:00\",\"mainEntityOfPage\":{\"@id\":\"https:\\\/\\\/omarhasan.fr\\\/index.php\\\/2020\\\/02\\\/25\\\/on-a-retrouve-omar-hasan-le-puma-qui-chante-partage-partager-sur-facebook-envoyer-par-e-mail-partager-sur-messenger\\\/\"},\"wordCount\":2038,\"publisher\":{\"@id\":\"http:\\\/\\\/omarhasan.fr\\\/#\\\/schema\\\/person\\\/a4d2c7deea762e2d869c69ae57fa4aec\"},\"image\":{\"@id\":\"https:\\\/\\\/omarhasan.fr\\\/index.php\\\/2020\\\/02\\\/25\\\/on-a-retrouve-omar-hasan-le-puma-qui-chante-partage-partager-sur-facebook-envoyer-par-e-mail-partager-sur-messenger\\\/#primaryimage\"},\"thumbnailUrl\":\"https:\\\/\\\/omarhasan.fr\\\/wp-content\\\/uploads\\\/2020\\\/02\\\/Captura-de-pantalla-2020-02-25-a-las-11.38.18.png\",\"inLanguage\":\"fr-FR\"},{\"@type\":\"WebPage\",\"@id\":\"https:\\\/\\\/omarhasan.fr\\\/index.php\\\/2020\\\/02\\\/25\\\/on-a-retrouve-omar-hasan-le-puma-qui-chante-partage-partager-sur-facebook-envoyer-par-e-mail-partager-sur-messenger\\\/\",\"url\":\"https:\\\/\\\/omarhasan.fr\\\/index.php\\\/2020\\\/02\\\/25\\\/on-a-retrouve-omar-hasan-le-puma-qui-chante-partage-partager-sur-facebook-envoyer-par-e-mail-partager-sur-messenger\\\/\",\"name\":\"On a retrouv\u00e9\u2026 Omar Hasan, le Puma qui chante. &#060; Omar Hasan Baryton\",\"isPartOf\":{\"@id\":\"http:\\\/\\\/omarhasan.fr\\\/#website\"},\"primaryImageOfPage\":{\"@id\":\"https:\\\/\\\/omarhasan.fr\\\/index.php\\\/2020\\\/02\\\/25\\\/on-a-retrouve-omar-hasan-le-puma-qui-chante-partage-partager-sur-facebook-envoyer-par-e-mail-partager-sur-messenger\\\/#primaryimage\"},\"image\":{\"@id\":\"https:\\\/\\\/omarhasan.fr\\\/index.php\\\/2020\\\/02\\\/25\\\/on-a-retrouve-omar-hasan-le-puma-qui-chante-partage-partager-sur-facebook-envoyer-par-e-mail-partager-sur-messenger\\\/#primaryimage\"},\"thumbnailUrl\":\"https:\\\/\\\/omarhasan.fr\\\/wp-content\\\/uploads\\\/2020\\\/02\\\/Captura-de-pantalla-2020-02-25-a-las-11.38.18.png\",\"datePublished\":\"2020-02-25T14:53:44+00:00\",\"dateModified\":\"2020-12-19T00:14:22+00:00\",\"breadcrumb\":{\"@id\":\"https:\\\/\\\/omarhasan.fr\\\/index.php\\\/2020\\\/02\\\/25\\\/on-a-retrouve-omar-hasan-le-puma-qui-chante-partage-partager-sur-facebook-envoyer-par-e-mail-partager-sur-messenger\\\/#breadcrumb\"},\"inLanguage\":\"fr-FR\",\"potentialAction\":[{\"@type\":\"ReadAction\",\"target\":[\"https:\\\/\\\/omarhasan.fr\\\/index.php\\\/2020\\\/02\\\/25\\\/on-a-retrouve-omar-hasan-le-puma-qui-chante-partage-partager-sur-facebook-envoyer-par-e-mail-partager-sur-messenger\\\/\"]}]},{\"@type\":\"ImageObject\",\"inLanguage\":\"fr-FR\",\"@id\":\"https:\\\/\\\/omarhasan.fr\\\/index.php\\\/2020\\\/02\\\/25\\\/on-a-retrouve-omar-hasan-le-puma-qui-chante-partage-partager-sur-facebook-envoyer-par-e-mail-partager-sur-messenger\\\/#primaryimage\",\"url\":\"https:\\\/\\\/omarhasan.fr\\\/wp-content\\\/uploads\\\/2020\\\/02\\\/Captura-de-pantalla-2020-02-25-a-las-11.38.18.png\",\"contentUrl\":\"https:\\\/\\\/omarhasan.fr\\\/wp-content\\\/uploads\\\/2020\\\/02\\\/Captura-de-pantalla-2020-02-25-a-las-11.38.18.png\",\"width\":1076,\"height\":715},{\"@type\":\"BreadcrumbList\",\"@id\":\"https:\\\/\\\/omarhasan.fr\\\/index.php\\\/2020\\\/02\\\/25\\\/on-a-retrouve-omar-hasan-le-puma-qui-chante-partage-partager-sur-facebook-envoyer-par-e-mail-partager-sur-messenger\\\/#breadcrumb\",\"itemListElement\":[{\"@type\":\"ListItem\",\"position\":1,\"name\":\"Portada\",\"item\":\"https:\\\/\\\/omarhasan.fr\\\/\"},{\"@type\":\"ListItem\",\"position\":2,\"name\":\"On a retrouv\u00e9\u2026 Omar Hasan, le Puma qui chante.\"}]},{\"@type\":\"WebSite\",\"@id\":\"http:\\\/\\\/omarhasan.fr\\\/#website\",\"url\":\"http:\\\/\\\/omarhasan.fr\\\/\",\"name\":\"Omar Hasan Baryton\",\"description\":\"Omar Hasan Baryton\",\"publisher\":{\"@id\":\"http:\\\/\\\/omarhasan.fr\\\/#\\\/schema\\\/person\\\/a4d2c7deea762e2d869c69ae57fa4aec\"},\"potentialAction\":[{\"@type\":\"SearchAction\",\"target\":{\"@type\":\"EntryPoint\",\"urlTemplate\":\"http:\\\/\\\/omarhasan.fr\\\/?s={search_term_string}\"},\"query-input\":{\"@type\":\"PropertyValueSpecification\",\"valueRequired\":true,\"valueName\":\"search_term_string\"}}],\"inLanguage\":\"fr-FR\"},{\"@type\":[\"Person\",\"Organization\"],\"@id\":\"http:\\\/\\\/omarhasan.fr\\\/#\\\/schema\\\/person\\\/a4d2c7deea762e2d869c69ae57fa4aec\",\"name\":\"omarhasaegbd\",\"image\":{\"@type\":\"ImageObject\",\"inLanguage\":\"fr-FR\",\"@id\":\"https:\\\/\\\/secure.gravatar.com\\\/avatar\\\/df6243cb205ef4e8568a6146f1ed8ffe59315350fda8875bc3750fc517116ba3?s=96&d=mm&r=g\",\"url\":\"https:\\\/\\\/secure.gravatar.com\\\/avatar\\\/df6243cb205ef4e8568a6146f1ed8ffe59315350fda8875bc3750fc517116ba3?s=96&d=mm&r=g\",\"contentUrl\":\"https:\\\/\\\/secure.gravatar.com\\\/avatar\\\/df6243cb205ef4e8568a6146f1ed8ffe59315350fda8875bc3750fc517116ba3?s=96&d=mm&r=g\",\"caption\":\"omarhasaegbd\"},\"logo\":{\"@id\":\"https:\\\/\\\/secure.gravatar.com\\\/avatar\\\/df6243cb205ef4e8568a6146f1ed8ffe59315350fda8875bc3750fc517116ba3?s=96&d=mm&r=g\"},\"url\":\"https:\\\/\\\/omarhasan.fr\\\/index.php\\\/author\\\/omarhasaegbd\\\/\"}]}<\/script>\n<!-- \/ Yoast SEO plugin. -->","yoast_head_json":{"title":"On a retrouv\u00e9\u2026 Omar Hasan, le Puma qui chante. &#060; Omar Hasan Baryton","robots":{"index":"index","follow":"follow","max-snippet":"max-snippet:-1","max-image-preview":"max-image-preview:large","max-video-preview":"max-video-preview:-1"},"canonical":"https:\/\/omarhasan.fr\/index.php\/2020\/02\/25\/on-a-retrouve-omar-hasan-le-puma-qui-chante-partage-partager-sur-facebook-envoyer-par-e-mail-partager-sur-messenger\/","og_locale":"fr_FR","og_type":"article","og_title":"On a retrouv\u00e9\u2026 Omar Hasan, le Puma qui chante. &#060; Omar Hasan Baryton","og_description":"Dans la cat\u00e9gorie \u00ab&nbsp;reconversion originale&nbsp;\u00bb de sportif, ce rugbyman remporte haut la main la Victoire. De la musique, s\u2019entend. Les amoureux de l\u2019Ovalie connaissaient Omar Hasan, pilier droit des Pumas argentins aux 64 s\u00e9lections, qui participa \u00e0 trois Coupes du monde (1999, 2003, 2007). Les m\u00e9lomanes du Sud-Ouest ont progressivement d\u00e9couvert le m\u00eame homme comme [&hellip;]","og_url":"https:\/\/omarhasan.fr\/index.php\/2020\/02\/25\/on-a-retrouve-omar-hasan-le-puma-qui-chante-partage-partager-sur-facebook-envoyer-par-e-mail-partager-sur-messenger\/","og_site_name":"Omar Hasan Baryton","article_published_time":"2020-02-25T14:53:44+00:00","article_modified_time":"2020-12-19T00:14:22+00:00","og_image":[{"width":1076,"height":715,"url":"https:\/\/omarhasan.fr\/wp-content\/uploads\/2020\/02\/Captura-de-pantalla-2020-02-25-a-las-11.38.18.png","type":"image\/png"}],"author":"omarhasaegbd","twitter_card":"summary_large_image","twitter_creator":"@OmaHasan","twitter_site":"@OmaHasan","twitter_misc":{"\u00c9crit par":"omarhasaegbd","Dur\u00e9e de lecture estim\u00e9e":"10 minutes"},"schema":{"@context":"https:\/\/schema.org","@graph":[{"@type":"Article","@id":"https:\/\/omarhasan.fr\/index.php\/2020\/02\/25\/on-a-retrouve-omar-hasan-le-puma-qui-chante-partage-partager-sur-facebook-envoyer-par-e-mail-partager-sur-messenger\/#article","isPartOf":{"@id":"https:\/\/omarhasan.fr\/index.php\/2020\/02\/25\/on-a-retrouve-omar-hasan-le-puma-qui-chante-partage-partager-sur-facebook-envoyer-par-e-mail-partager-sur-messenger\/"},"author":{"name":"omarhasaegbd","@id":"http:\/\/omarhasan.fr\/#\/schema\/person\/a4d2c7deea762e2d869c69ae57fa4aec"},"headline":"On a retrouv\u00e9\u2026 Omar Hasan, le Puma qui chante.","datePublished":"2020-02-25T14:53:44+00:00","dateModified":"2020-12-19T00:14:22+00:00","mainEntityOfPage":{"@id":"https:\/\/omarhasan.fr\/index.php\/2020\/02\/25\/on-a-retrouve-omar-hasan-le-puma-qui-chante-partage-partager-sur-facebook-envoyer-par-e-mail-partager-sur-messenger\/"},"wordCount":2038,"publisher":{"@id":"http:\/\/omarhasan.fr\/#\/schema\/person\/a4d2c7deea762e2d869c69ae57fa4aec"},"image":{"@id":"https:\/\/omarhasan.fr\/index.php\/2020\/02\/25\/on-a-retrouve-omar-hasan-le-puma-qui-chante-partage-partager-sur-facebook-envoyer-par-e-mail-partager-sur-messenger\/#primaryimage"},"thumbnailUrl":"https:\/\/omarhasan.fr\/wp-content\/uploads\/2020\/02\/Captura-de-pantalla-2020-02-25-a-las-11.38.18.png","inLanguage":"fr-FR"},{"@type":"WebPage","@id":"https:\/\/omarhasan.fr\/index.php\/2020\/02\/25\/on-a-retrouve-omar-hasan-le-puma-qui-chante-partage-partager-sur-facebook-envoyer-par-e-mail-partager-sur-messenger\/","url":"https:\/\/omarhasan.fr\/index.php\/2020\/02\/25\/on-a-retrouve-omar-hasan-le-puma-qui-chante-partage-partager-sur-facebook-envoyer-par-e-mail-partager-sur-messenger\/","name":"On a retrouv\u00e9\u2026 Omar Hasan, le Puma qui chante. &#060; Omar Hasan Baryton","isPartOf":{"@id":"http:\/\/omarhasan.fr\/#website"},"primaryImageOfPage":{"@id":"https:\/\/omarhasan.fr\/index.php\/2020\/02\/25\/on-a-retrouve-omar-hasan-le-puma-qui-chante-partage-partager-sur-facebook-envoyer-par-e-mail-partager-sur-messenger\/#primaryimage"},"image":{"@id":"https:\/\/omarhasan.fr\/index.php\/2020\/02\/25\/on-a-retrouve-omar-hasan-le-puma-qui-chante-partage-partager-sur-facebook-envoyer-par-e-mail-partager-sur-messenger\/#primaryimage"},"thumbnailUrl":"https:\/\/omarhasan.fr\/wp-content\/uploads\/2020\/02\/Captura-de-pantalla-2020-02-25-a-las-11.38.18.png","datePublished":"2020-02-25T14:53:44+00:00","dateModified":"2020-12-19T00:14:22+00:00","breadcrumb":{"@id":"https:\/\/omarhasan.fr\/index.php\/2020\/02\/25\/on-a-retrouve-omar-hasan-le-puma-qui-chante-partage-partager-sur-facebook-envoyer-par-e-mail-partager-sur-messenger\/#breadcrumb"},"inLanguage":"fr-FR","potentialAction":[{"@type":"ReadAction","target":["https:\/\/omarhasan.fr\/index.php\/2020\/02\/25\/on-a-retrouve-omar-hasan-le-puma-qui-chante-partage-partager-sur-facebook-envoyer-par-e-mail-partager-sur-messenger\/"]}]},{"@type":"ImageObject","inLanguage":"fr-FR","@id":"https:\/\/omarhasan.fr\/index.php\/2020\/02\/25\/on-a-retrouve-omar-hasan-le-puma-qui-chante-partage-partager-sur-facebook-envoyer-par-e-mail-partager-sur-messenger\/#primaryimage","url":"https:\/\/omarhasan.fr\/wp-content\/uploads\/2020\/02\/Captura-de-pantalla-2020-02-25-a-las-11.38.18.png","contentUrl":"https:\/\/omarhasan.fr\/wp-content\/uploads\/2020\/02\/Captura-de-pantalla-2020-02-25-a-las-11.38.18.png","width":1076,"height":715},{"@type":"BreadcrumbList","@id":"https:\/\/omarhasan.fr\/index.php\/2020\/02\/25\/on-a-retrouve-omar-hasan-le-puma-qui-chante-partage-partager-sur-facebook-envoyer-par-e-mail-partager-sur-messenger\/#breadcrumb","itemListElement":[{"@type":"ListItem","position":1,"name":"Portada","item":"https:\/\/omarhasan.fr\/"},{"@type":"ListItem","position":2,"name":"On a retrouv\u00e9\u2026 Omar Hasan, le Puma qui chante."}]},{"@type":"WebSite","@id":"http:\/\/omarhasan.fr\/#website","url":"http:\/\/omarhasan.fr\/","name":"Omar Hasan Baryton","description":"Omar Hasan Baryton","publisher":{"@id":"http:\/\/omarhasan.fr\/#\/schema\/person\/a4d2c7deea762e2d869c69ae57fa4aec"},"potentialAction":[{"@type":"SearchAction","target":{"@type":"EntryPoint","urlTemplate":"http:\/\/omarhasan.fr\/?s={search_term_string}"},"query-input":{"@type":"PropertyValueSpecification","valueRequired":true,"valueName":"search_term_string"}}],"inLanguage":"fr-FR"},{"@type":["Person","Organization"],"@id":"http:\/\/omarhasan.fr\/#\/schema\/person\/a4d2c7deea762e2d869c69ae57fa4aec","name":"omarhasaegbd","image":{"@type":"ImageObject","inLanguage":"fr-FR","@id":"https:\/\/secure.gravatar.com\/avatar\/df6243cb205ef4e8568a6146f1ed8ffe59315350fda8875bc3750fc517116ba3?s=96&d=mm&r=g","url":"https:\/\/secure.gravatar.com\/avatar\/df6243cb205ef4e8568a6146f1ed8ffe59315350fda8875bc3750fc517116ba3?s=96&d=mm&r=g","contentUrl":"https:\/\/secure.gravatar.com\/avatar\/df6243cb205ef4e8568a6146f1ed8ffe59315350fda8875bc3750fc517116ba3?s=96&d=mm&r=g","caption":"omarhasaegbd"},"logo":{"@id":"https:\/\/secure.gravatar.com\/avatar\/df6243cb205ef4e8568a6146f1ed8ffe59315350fda8875bc3750fc517116ba3?s=96&d=mm&r=g"},"url":"https:\/\/omarhasan.fr\/index.php\/author\/omarhasaegbd\/"}]}},"_links":{"self":[{"href":"https:\/\/omarhasan.fr\/index.php\/wp-json\/wp\/v2\/posts\/304","targetHints":{"allow":["GET"]}}],"collection":[{"href":"https:\/\/omarhasan.fr\/index.php\/wp-json\/wp\/v2\/posts"}],"about":[{"href":"https:\/\/omarhasan.fr\/index.php\/wp-json\/wp\/v2\/types\/post"}],"author":[{"embeddable":true,"href":"https:\/\/omarhasan.fr\/index.php\/wp-json\/wp\/v2\/users\/1"}],"replies":[{"embeddable":true,"href":"https:\/\/omarhasan.fr\/index.php\/wp-json\/wp\/v2\/comments?post=304"}],"version-history":[{"count":5,"href":"https:\/\/omarhasan.fr\/index.php\/wp-json\/wp\/v2\/posts\/304\/revisions"}],"predecessor-version":[{"id":345,"href":"https:\/\/omarhasan.fr\/index.php\/wp-json\/wp\/v2\/posts\/304\/revisions\/345"}],"wp:featuredmedia":[{"embeddable":true,"href":"https:\/\/omarhasan.fr\/index.php\/wp-json\/wp\/v2\/media\/296"}],"wp:attachment":[{"href":"https:\/\/omarhasan.fr\/index.php\/wp-json\/wp\/v2\/media?parent=304"}],"wp:term":[{"taxonomy":"category","embeddable":true,"href":"https:\/\/omarhasan.fr\/index.php\/wp-json\/wp\/v2\/categories?post=304"},{"taxonomy":"post_tag","embeddable":true,"href":"https:\/\/omarhasan.fr\/index.php\/wp-json\/wp\/v2\/tags?post=304"}],"curies":[{"name":"wp","href":"https:\/\/api.w.org\/{rel}","templated":true}]}}